{"id":3351,"date":"2025-01-08T15:42:18","date_gmt":"2025-01-08T14:42:18","guid":{"rendered":"https:\/\/espaidiomes.cat\/?p=3351"},"modified":"2025-01-20T12:41:39","modified_gmt":"2025-01-20T11:41:39","slug":"contacontes-amb-el-teacher-javi","status":"publish","type":"post","link":"https:\/\/espaidiomes.cat\/de\/contacontes-amb-el-teacher-javi","title":{"rendered":"Geschichtenerz\u00e4hlen mit Lehrer Javi"},"content":{"rendered":"<p>die Vergangenheit <strong>21. Dezember<\/strong>, wir hatten gro\u00dfes Gl\u00fcck, ihn wieder zu haben <strong>Lehrer Javi<\/strong> und sein fantastischer Geschichtenerz\u00e4hler, und wir m\u00fcssen sagen, er war einer <strong>durchschlagender Erfolg<\/strong>! \ud83c\udf89<\/p>\n\n\n\n<figure class=\"wp-block-image size-full is-resized\"><img fetchpriority=\"high\" decoding=\"async\" width=\"865\" height=\"866\" src=\"https:\/\/espaidiomes.cat\/wp-content\/uploads\/2025\/01\/image-1.png\" alt=\"\" class=\"wp-image-3352\" style=\"width:352px;height:auto\" srcset=\"https:\/\/espaidiomes.cat\/wp-content\/uploads\/2025\/01\/image-1.png 865w, https:\/\/espaidiomes.cat\/wp-content\/uploads\/2025\/01\/image-1-300x300.png 300w, https:\/\/espaidiomes.cat\/wp-content\/uploads\/2025\/01\/image-1-150x150.png 150w, https:\/\/espaidiomes.cat\/wp-content\/uploads\/2025\/01\/image-1-768x769.png 768w, https:\/\/espaidiomes.cat\/wp-content\/uploads\/2025\/01\/image-1-12x12.png 12w\" sizes=\"(max-width: 865px) 100vw, 865px\" \/><\/figure>\n\n\n\n<p>Die Teilnehmer genossen einen Nachmittag voller Weihnachtszauber, sangen Weihnachtslieder und h\u00f6rten wunderbare Geschichten \u00fcber diese ganz besondere Zeit des Jahres. Aber das ist noch nicht alles! Sie lie\u00dfen auch ihrer Kreativit\u00e4t freien Lauf, um ihre eigenen Kreationen zu entwerfen und zu kreieren <strong>Weihnachtskarten<\/strong> personalisiert<\/p>\n\n\n\n<p>Es war eine bereichernde Aktivit\u00e4t voller Freude, ideal, um ganz in Weihnachtsstimmung zu kommen. Wir m\u00f6chten Lehrer Javi f\u00fcr seine Energie und sein Engagement danken und allen Teilnehmern daf\u00fcr, dass sie diese Veranstaltung zu einem unvergesslichen Erlebnis gemacht haben.<\/p>\n\n\n\n<p><strong>Frohe Weihnachten an alle!<\/strong> \ud83c\udf84\u2728<\/p>\n\n\n\n<p>Bleiben Sie auf dem Laufenden \u00fcber unseren Bereich \u201eAktivit\u00e4ten und Kooperationen\u201c, damit Sie die n\u00e4chsten Vorschl\u00e4ge nicht verpassen. Wir freuen uns darauf, Sie dort mit weiteren besonderen Momenten zu sehen!<\/p>","protected":false},"excerpt":{"rendered":"<p>El passat 21 de desembre, vam tenir la gran sort de comptar de nou amb el teacher Javi i el seu fant\u00e0stic contacontes, i hem de dir que va ser un \u00e8xit rotund! \ud83c\udf89 Els assistents van gaudir d&#8217;una tarda plena de m\u00e0gia nadalenca, cantant nadales i escoltant hist\u00f2ries meravelloses sobre aquest moment tan especial [&hellip;]<\/p>\n","protected":false},"author":1,"featured_media":3353,"comment_status":"open","ping_status":"open","sticky":false,"template":"","format":"standard","meta":{"footnotes":""},"categories":[1],"tags":[],"class_list":["post-3351","post","type-post","status-publish","format-standard","has-post-thumbnail","hentry","category-uncategorized"],"yoast_head":"<!-- This site is optimized with the Yoast SEO plugin v27.4 - https:\/\/yoast.com\/product\/yoast-seo-wordpress\/ -->\n<title>Contacontes amb el Teacher Javi - Espai Idiomes<\/title>\n<meta name=\"robots\" content=\"index, follow, max-snippet:-1, max-image-preview:large, max-video-preview:-1\" \/>\n<link rel=\"canonical\" href=\"https:\/\/espaidiomes.cat\/de\/contacontes-amb-el-teacher-javi\/\" \/>\n<meta property=\"og:locale\" content=\"de_DE\" \/>\n<meta property=\"og:type\" content=\"article\" \/>\n<meta property=\"og:title\" content=\"Contacontes amb el Teacher Javi - Espai Idiomes\" \/>\n<meta property=\"og:description\" content=\"El passat 21 de desembre, vam tenir la gran sort de comptar de nou amb el teacher Javi i el seu fant\u00e0stic contacontes, i hem de dir que va ser un \u00e8xit rotund! \ud83c\udf89 Els assistents van gaudir d&#8217;una tarda plena de m\u00e0gia nadalenca, cantant nadales i escoltant hist\u00f2ries meravelloses sobre aquest moment tan especial [&hellip;]\" \/>\n<meta property=\"og:url\" content=\"https:\/\/espaidiomes.cat\/de\/contacontes-amb-el-teacher-javi\/\" \/>\n<meta property=\"og:site_name\" content=\"Espai Idiomes\" \/>\n<meta property=\"article:published_time\" content=\"2025-01-08T14:42:18+00:00\" \/>\n<meta property=\"article:modified_time\" content=\"2025-01-20T11:41:39+00:00\" \/>\n<meta property=\"og:image\" content=\"https:\/\/espaidiomes.cat\/wp-content\/uploads\/2025\/01\/imagen_2025-01-08_154213655.png\" \/>\n\t<meta property=\"og:image:width\" content=\"746\" \/>\n\t<meta property=\"og:image:height\" content=\"470\" \/>\n\t<meta property=\"og:image:type\" content=\"image\/png\" \/>\n<meta name=\"author\" content=\"Espaii_AdminOv\" \/>\n<meta name=\"twitter:card\" content=\"summary_large_image\" \/>\n<meta name=\"twitter:label1\" content=\"Verfasst von\" \/>\n\t<meta name=\"twitter:data1\" content=\"Espaii_AdminOv\" \/>\n\t<meta name=\"twitter:label2\" content=\"Gesch\u00e4tzte Lesezeit\" \/>\n\t<meta name=\"twitter:data2\" content=\"2\u00a0Minuten\" \/>\n<script type=\"application\/ld+json\" class=\"yoast-schema-graph\">{\"@context\":\"https:\\\/\\\/schema.org\",\"@graph\":[{\"@type\":\"Article\",\"@id\":\"https:\\\/\\\/espaidiomes.cat\\\/contacontes-amb-el-teacher-javi#article\",\"isPartOf\":{\"@id\":\"https:\\\/\\\/espaidiomes.cat\\\/contacontes-amb-el-teacher-javi\"},\"author\":{\"name\":\"Espaii_AdminOv\",\"@id\":\"https:\\\/\\\/espaidiomes.cat\\\/#\\\/schema\\\/person\\\/4c72d2083e27b730eee2c40d358e62cf\"},\"headline\":\"Contacontes amb el Teacher Javi\",\"datePublished\":\"2025-01-08T14:42:18+00:00\",\"dateModified\":\"2025-01-20T11:41:39+00:00\",\"mainEntityOfPage\":{\"@id\":\"https:\\\/\\\/espaidiomes.cat\\\/contacontes-amb-el-teacher-javi\"},\"wordCount\":163,\"commentCount\":0,\"publisher\":{\"@id\":\"https:\\\/\\\/espaidiomes.cat\\\/#organization\"},\"image\":{\"@id\":\"https:\\\/\\\/espaidiomes.cat\\\/contacontes-amb-el-teacher-javi#primaryimage\"},\"thumbnailUrl\":\"https:\\\/\\\/espaidiomes.cat\\\/wp-content\\\/uploads\\\/2025\\\/01\\\/imagen_2025-01-08_154213655.png\",\"articleSection\":[\"Uncategorized\"],\"inLanguage\":\"de\"},{\"@type\":\"WebPage\",\"@id\":\"https:\\\/\\\/espaidiomes.cat\\\/contacontes-amb-el-teacher-javi\",\"url\":\"https:\\\/\\\/espaidiomes.cat\\\/contacontes-amb-el-teacher-javi\",\"name\":\"Contacontes amb el Teacher Javi - Espai Idiomes\",\"isPartOf\":{\"@id\":\"https:\\\/\\\/espaidiomes.cat\\\/#website\"},\"primaryImageOfPage\":{\"@id\":\"https:\\\/\\\/espaidiomes.cat\\\/contacontes-amb-el-teacher-javi#primaryimage\"},\"image\":{\"@id\":\"https:\\\/\\\/espaidiomes.cat\\\/contacontes-amb-el-teacher-javi#primaryimage\"},\"thumbnailUrl\":\"https:\\\/\\\/espaidiomes.cat\\\/wp-content\\\/uploads\\\/2025\\\/01\\\/imagen_2025-01-08_154213655.png\",\"datePublished\":\"2025-01-08T14:42:18+00:00\",\"dateModified\":\"2025-01-20T11:41:39+00:00\",\"breadcrumb\":{\"@id\":\"https:\\\/\\\/espaidiomes.cat\\\/contacontes-amb-el-teacher-javi#breadcrumb\"},\"inLanguage\":\"de\",\"potentialAction\":[{\"@type\":\"ReadAction\",\"target\":[\"https:\\\/\\\/espaidiomes.cat\\\/contacontes-amb-el-teacher-javi\"]}]},{\"@type\":\"ImageObject\",\"inLanguage\":\"de\",\"@id\":\"https:\\\/\\\/espaidiomes.cat\\\/contacontes-amb-el-teacher-javi#primaryimage\",\"url\":\"https:\\\/\\\/espaidiomes.cat\\\/wp-content\\\/uploads\\\/2025\\\/01\\\/imagen_2025-01-08_154213655.png\",\"contentUrl\":\"https:\\\/\\\/espaidiomes.cat\\\/wp-content\\\/uploads\\\/2025\\\/01\\\/imagen_2025-01-08_154213655.png\",\"width\":746,\"height\":470},{\"@type\":\"BreadcrumbList\",\"@id\":\"https:\\\/\\\/espaidiomes.cat\\\/contacontes-amb-el-teacher-javi#breadcrumb\",\"itemListElement\":[{\"@type\":\"ListItem\",\"position\":1,\"name\":\"Portada\",\"item\":\"https:\\\/\\\/espaidiomes.cat\\\/\"},{\"@type\":\"ListItem\",\"position\":2,\"name\":\"Contacontes amb el Teacher Javi\"}]},{\"@type\":\"WebSite\",\"@id\":\"https:\\\/\\\/espaidiomes.cat\\\/#website\",\"url\":\"https:\\\/\\\/espaidiomes.cat\\\/\",\"name\":\"Espai idiomes\",\"description\":\"Academia de refer\u00e8ncia per l\u2019aprenentatge i perfeccionament d\u2019idiomes\",\"publisher\":{\"@id\":\"https:\\\/\\\/espaidiomes.cat\\\/#organization\"},\"potentialAction\":[{\"@type\":\"SearchAction\",\"target\":{\"@type\":\"EntryPoint\",\"urlTemplate\":\"https:\\\/\\\/espaidiomes.cat\\\/?s={search_term_string}\"},\"query-input\":{\"@type\":\"PropertyValueSpecification\",\"valueRequired\":true,\"valueName\":\"search_term_string\"}}],\"inLanguage\":\"de\"},{\"@type\":\"Organization\",\"@id\":\"https:\\\/\\\/espaidiomes.cat\\\/#organization\",\"name\":\"Espai idiomes\",\"url\":\"https:\\\/\\\/espaidiomes.cat\\\/\",\"logo\":{\"@type\":\"ImageObject\",\"inLanguage\":\"de\",\"@id\":\"https:\\\/\\\/espaidiomes.cat\\\/#\\\/schema\\\/logo\\\/image\\\/\",\"url\":\"https:\\\/\\\/espaidiomes.cat\\\/wp-content\\\/uploads\\\/2024\\\/04\\\/language_schoollogo.png\",\"contentUrl\":\"https:\\\/\\\/espaidiomes.cat\\\/wp-content\\\/uploads\\\/2024\\\/04\\\/language_schoollogo.png\",\"width\":4320,\"height\":2430,\"caption\":\"Espai idiomes\"},\"image\":{\"@id\":\"https:\\\/\\\/espaidiomes.cat\\\/#\\\/schema\\\/logo\\\/image\\\/\"}},{\"@type\":\"Person\",\"@id\":\"https:\\\/\\\/espaidiomes.cat\\\/#\\\/schema\\\/person\\\/4c72d2083e27b730eee2c40d358e62cf\",\"name\":\"Espaii_AdminOv\",\"image\":{\"@type\":\"ImageObject\",\"inLanguage\":\"de\",\"@id\":\"https:\\\/\\\/secure.gravatar.com\\\/avatar\\\/ab10b60551e807f6b37d54bb09e40bc41b08e3828d46504634ad6f35da1b46dc?s=96&d=mm&r=g\",\"url\":\"https:\\\/\\\/secure.gravatar.com\\\/avatar\\\/ab10b60551e807f6b37d54bb09e40bc41b08e3828d46504634ad6f35da1b46dc?s=96&d=mm&r=g\",\"contentUrl\":\"https:\\\/\\\/secure.gravatar.com\\\/avatar\\\/ab10b60551e807f6b37d54bb09e40bc41b08e3828d46504634ad6f35da1b46dc?s=96&d=mm&r=g\",\"caption\":\"Espaii_AdminOv\"},\"sameAs\":[\"https:\\\/\\\/espaidiomes.cat\"],\"url\":\"https:\\\/\\\/espaidiomes.cat\\\/de\\\/author\\\/espaii_adminov\"}]}<\/script>\n<!-- \/ Yoast SEO plugin. -->","yoast_head_json":{"title":"Contacontes amb el Teacher Javi - Espai Idiomes","robots":{"index":"index","follow":"follow","max-snippet":"max-snippet:-1","max-image-preview":"max-image-preview:large","max-video-preview":"max-video-preview:-1"},"canonical":"https:\/\/espaidiomes.cat\/de\/contacontes-amb-el-teacher-javi\/","og_locale":"de_DE","og_type":"article","og_title":"Contacontes amb el Teacher Javi - Espai Idiomes","og_description":"El passat 21 de desembre, vam tenir la gran sort de comptar de nou amb el teacher Javi i el seu fant\u00e0stic contacontes, i hem de dir que va ser un \u00e8xit rotund! \ud83c\udf89 Els assistents van gaudir d&#8217;una tarda plena de m\u00e0gia nadalenca, cantant nadales i escoltant hist\u00f2ries meravelloses sobre aquest moment tan especial [&hellip;]","og_url":"https:\/\/espaidiomes.cat\/de\/contacontes-amb-el-teacher-javi\/","og_site_name":"Espai Idiomes","article_published_time":"2025-01-08T14:42:18+00:00","article_modified_time":"2025-01-20T11:41:39+00:00","og_image":[{"width":746,"height":470,"url":"https:\/\/espaidiomes.cat\/wp-content\/uploads\/2025\/01\/imagen_2025-01-08_154213655.png","type":"image\/png"}],"author":"Espaii_AdminOv","twitter_card":"summary_large_image","twitter_misc":{"Verfasst von":"Espaii_AdminOv","Gesch\u00e4tzte Lesezeit":"2\u00a0Minuten"},"schema":{"@context":"https:\/\/schema.org","@graph":[{"@type":"Article","@id":"https:\/\/espaidiomes.cat\/contacontes-amb-el-teacher-javi#article","isPartOf":{"@id":"https:\/\/espaidiomes.cat\/contacontes-amb-el-teacher-javi"},"author":{"name":"Espaii_AdminOv","@id":"https:\/\/espaidiomes.cat\/#\/schema\/person\/4c72d2083e27b730eee2c40d358e62cf"},"headline":"Contacontes amb el Teacher Javi","datePublished":"2025-01-08T14:42:18+00:00","dateModified":"2025-01-20T11:41:39+00:00","mainEntityOfPage":{"@id":"https:\/\/espaidiomes.cat\/contacontes-amb-el-teacher-javi"},"wordCount":163,"commentCount":0,"publisher":{"@id":"https:\/\/espaidiomes.cat\/#organization"},"image":{"@id":"https:\/\/espaidiomes.cat\/contacontes-amb-el-teacher-javi#primaryimage"},"thumbnailUrl":"https:\/\/espaidiomes.cat\/wp-content\/uploads\/2025\/01\/imagen_2025-01-08_154213655.png","articleSection":["Uncategorized"],"inLanguage":"de"},{"@type":"WebPage","@id":"https:\/\/espaidiomes.cat\/contacontes-amb-el-teacher-javi","url":"https:\/\/espaidiomes.cat\/contacontes-amb-el-teacher-javi","name":"Contacontes amb el Teacher Javi - Espai Idiomes","isPartOf":{"@id":"https:\/\/espaidiomes.cat\/#website"},"primaryImageOfPage":{"@id":"https:\/\/espaidiomes.cat\/contacontes-amb-el-teacher-javi#primaryimage"},"image":{"@id":"https:\/\/espaidiomes.cat\/contacontes-amb-el-teacher-javi#primaryimage"},"thumbnailUrl":"https:\/\/espaidiomes.cat\/wp-content\/uploads\/2025\/01\/imagen_2025-01-08_154213655.png","datePublished":"2025-01-08T14:42:18+00:00","dateModified":"2025-01-20T11:41:39+00:00","breadcrumb":{"@id":"https:\/\/espaidiomes.cat\/contacontes-amb-el-teacher-javi#breadcrumb"},"inLanguage":"de","potentialAction":[{"@type":"ReadAction","target":["https:\/\/espaidiomes.cat\/contacontes-amb-el-teacher-javi"]}]},{"@type":"ImageObject","inLanguage":"de","@id":"https:\/\/espaidiomes.cat\/contacontes-amb-el-teacher-javi#primaryimage","url":"https:\/\/espaidiomes.cat\/wp-content\/uploads\/2025\/01\/imagen_2025-01-08_154213655.png","contentUrl":"https:\/\/espaidiomes.cat\/wp-content\/uploads\/2025\/01\/imagen_2025-01-08_154213655.png","width":746,"height":470},{"@type":"BreadcrumbList","@id":"https:\/\/espaidiomes.cat\/contacontes-amb-el-teacher-javi#breadcrumb","itemListElement":[{"@type":"ListItem","position":1,"name":"Portada","item":"https:\/\/espaidiomes.cat\/"},{"@type":"ListItem","position":2,"name":"Contacontes amb el Teacher Javi"}]},{"@type":"WebSite","@id":"https:\/\/espaidiomes.cat\/#website","url":"https:\/\/espaidiomes.cat\/","name":"Sprachraum","description":"Referenzakademie f\u00fcr das Erlernen und Verbessern von Sprachen","publisher":{"@id":"https:\/\/espaidiomes.cat\/#organization"},"potentialAction":[{"@type":"SearchAction","target":{"@type":"EntryPoint","urlTemplate":"https:\/\/espaidiomes.cat\/?s={search_term_string}"},"query-input":{"@type":"PropertyValueSpecification","valueRequired":true,"valueName":"search_term_string"}}],"inLanguage":"de"},{"@type":"Organization","@id":"https:\/\/espaidiomes.cat\/#organization","name":"Sprachraum","url":"https:\/\/espaidiomes.cat\/","logo":{"@type":"ImageObject","inLanguage":"de","@id":"https:\/\/espaidiomes.cat\/#\/schema\/logo\/image\/","url":"https:\/\/espaidiomes.cat\/wp-content\/uploads\/2024\/04\/language_schoollogo.png","contentUrl":"https:\/\/espaidiomes.cat\/wp-content\/uploads\/2024\/04\/language_schoollogo.png","width":4320,"height":2430,"caption":"Espai idiomes"},"image":{"@id":"https:\/\/espaidiomes.cat\/#\/schema\/logo\/image\/"}},{"@type":"Person","@id":"https:\/\/espaidiomes.cat\/#\/schema\/person\/4c72d2083e27b730eee2c40d358e62cf","name":"Espai_AdminOv","image":{"@type":"ImageObject","inLanguage":"de","@id":"https:\/\/secure.gravatar.com\/avatar\/ab10b60551e807f6b37d54bb09e40bc41b08e3828d46504634ad6f35da1b46dc?s=96&d=mm&r=g","url":"https:\/\/secure.gravatar.com\/avatar\/ab10b60551e807f6b37d54bb09e40bc41b08e3828d46504634ad6f35da1b46dc?s=96&d=mm&r=g","contentUrl":"https:\/\/secure.gravatar.com\/avatar\/ab10b60551e807f6b37d54bb09e40bc41b08e3828d46504634ad6f35da1b46dc?s=96&d=mm&r=g","caption":"Espaii_AdminOv"},"sameAs":["https:\/\/espaidiomes.cat"],"url":"https:\/\/espaidiomes.cat\/de\/author\/espaii_adminov"}]}},"_links":{"self":[{"href":"https:\/\/espaidiomes.cat\/de\/wp-json\/wp\/v2\/posts\/3351","targetHints":{"allow":["GET"]}}],"collection":[{"href":"https:\/\/espaidiomes.cat\/de\/wp-json\/wp\/v2\/posts"}],"about":[{"href":"https:\/\/espaidiomes.cat\/de\/wp-json\/wp\/v2\/types\/post"}],"author":[{"embeddable":true,"href":"https:\/\/espaidiomes.cat\/de\/wp-json\/wp\/v2\/users\/1"}],"replies":[{"embeddable":true,"href":"https:\/\/espaidiomes.cat\/de\/wp-json\/wp\/v2\/comments?post=3351"}],"version-history":[{"count":3,"href":"https:\/\/espaidiomes.cat\/de\/wp-json\/wp\/v2\/posts\/3351\/revisions"}],"predecessor-version":[{"id":3408,"href":"https:\/\/espaidiomes.cat\/de\/wp-json\/wp\/v2\/posts\/3351\/revisions\/3408"}],"wp:featuredmedia":[{"embeddable":true,"href":"https:\/\/espaidiomes.cat\/de\/wp-json\/wp\/v2\/media\/3353"}],"wp:attachment":[{"href":"https:\/\/espaidiomes.cat\/de\/wp-json\/wp\/v2\/media?parent=3351"}],"wp:term":[{"taxonomy":"category","embeddable":true,"href":"https:\/\/espaidiomes.cat\/de\/wp-json\/wp\/v2\/categories?post=3351"},{"taxonomy":"post_tag","embeddable":true,"href":"https:\/\/espaidiomes.cat\/de\/wp-json\/wp\/v2\/tags?post=3351"}],"curies":[{"name":"wp","href":"https:\/\/api.w.org\/{rel}","templated":true}]}}