{"id":3915,"date":"2025-12-02T11:37:40","date_gmt":"2025-12-02T10:37:40","guid":{"rendered":"https:\/\/espaidiomes.cat\/?p=3915"},"modified":"2025-12-02T11:37:42","modified_gmt":"2025-12-02T10:37:42","slug":"llumineta-2025","status":"publish","type":"post","link":"https:\/\/espaidiomes.cat\/de\/llumineta-2025","title":{"rendered":"Blitzschlag 2025"},"content":{"rendered":"<p>Das Licht ist bereits bei Espai Idiomes angekommen \u2013 und zwar mit einer Verlosung eines Brotkorbs! Denken Sie daran, Ihre Losnummer (2 Euro) in der Akademie in der Rua Sant Pere abzuholen. Die Verlosung findet am 19. Dezember statt.<br>Viel Gl\u00fcck!<\/p>\n\n\n\n<p><br><\/p>\n\n\n\n<figure class=\"wp-block-gallery has-nested-images columns-default is-cropped wp-block-gallery-1 is-layout-flex wp-block-gallery-is-layout-flex\">\n<figure class=\"wp-block-image size-large\"><img fetchpriority=\"high\" decoding=\"async\" width=\"819\" height=\"1024\" data-id=\"3917\" src=\"https:\/\/espaidiomes.cat\/wp-content\/uploads\/2025\/12\/Post-de-Instagram-Temporada-Navidena-Moderno-Verde-1-1-819x1024.png\" alt=\"\" class=\"wp-image-3917\" srcset=\"https:\/\/espaidiomes.cat\/wp-content\/uploads\/2025\/12\/Post-de-Instagram-Temporada-Navidena-Moderno-Verde-1-1-819x1024.png 819w, https:\/\/espaidiomes.cat\/wp-content\/uploads\/2025\/12\/Post-de-Instagram-Temporada-Navidena-Moderno-Verde-1-1-240x300.png 240w, https:\/\/espaidiomes.cat\/wp-content\/uploads\/2025\/12\/Post-de-Instagram-Temporada-Navidena-Moderno-Verde-1-1-768x960.png 768w, https:\/\/espaidiomes.cat\/wp-content\/uploads\/2025\/12\/Post-de-Instagram-Temporada-Navidena-Moderno-Verde-1-1-10x12.png 10w, https:\/\/espaidiomes.cat\/wp-content\/uploads\/2025\/12\/Post-de-Instagram-Temporada-Navidena-Moderno-Verde-1-1.png 1080w\" sizes=\"(max-width: 819px) 100vw, 819px\" \/><\/figure>\n<\/figure>","protected":false},"excerpt":{"rendered":"<p>Die \u201eGl\u00fchbirne\u201c ist bereits bei Espai Idiomes angekommen \u2013 und es gibt einen tollen Pr\u00e4sentkorb zu gewinnen! Ihr k\u00f6nnt eure Losnummer (2 Euro) in der Akademie in der Rue Sant Pere abholen. Die Verlosung findet am 19. Dezember statt. Viel Gl\u00fcck!<\/p>","protected":false},"author":2,"featured_media":3916,"comment_status":"open","ping_status":"open","sticky":false,"template":"","format":"standard","meta":{"footnotes":""},"categories":[11],"tags":[],"class_list":["post-3915","post","type-post","status-publish","format-standard","has-post-thumbnail","hentry","category-news"],"yoast_head":"<!-- This site is optimized with the Yoast SEO plugin v27.4 - https:\/\/yoast.com\/product\/yoast-seo-wordpress\/ -->\n<title>Llumineta 2025 - Espai Idiomes<\/title>\n<meta name=\"robots\" content=\"index, follow, max-snippet:-1, max-image-preview:large, max-video-preview:-1\" \/>\n<link rel=\"canonical\" href=\"https:\/\/espaidiomes.cat\/de\/llumineta-2025\/\" \/>\n<meta property=\"og:locale\" content=\"de_DE\" \/>\n<meta property=\"og:type\" content=\"article\" \/>\n<meta property=\"og:title\" content=\"Llumineta 2025 - Espai Idiomes\" \/>\n<meta property=\"og:description\" content=\"La Llumineta ja ha arribat a Espai Idiomes i ho fa amb el sorteig d&#8217;una panera! Recordeu que podeu passar per l&#8217;acad\u00e8mia del carrer Sant Pere a agafar el vostre n\u00famero (el preu \u00e9s de 2 euros). Farem el sorteig el 19 de desembre.Good luck!\" \/>\n<meta property=\"og:url\" content=\"https:\/\/espaidiomes.cat\/de\/llumineta-2025\/\" \/>\n<meta property=\"og:site_name\" content=\"Espai Idiomes\" \/>\n<meta property=\"article:published_time\" content=\"2025-12-02T10:37:40+00:00\" \/>\n<meta property=\"article:modified_time\" content=\"2025-12-02T10:37:42+00:00\" \/>\n<meta property=\"og:image\" content=\"https:\/\/espaidiomes.cat\/wp-content\/uploads\/2025\/12\/Post-de-Instagram-Temporada-Navidena-Moderno-Verde-1.png\" \/>\n\t<meta property=\"og:image:width\" content=\"1080\" \/>\n\t<meta property=\"og:image:height\" content=\"1350\" \/>\n\t<meta property=\"og:image:type\" content=\"image\/png\" \/>\n<meta name=\"author\" content=\"EspaiIdiomes\" \/>\n<meta name=\"twitter:card\" content=\"summary_large_image\" \/>\n<meta name=\"twitter:label1\" content=\"Verfasst von\" \/>\n\t<meta name=\"twitter:data1\" content=\"EspaiIdiomes\" \/>\n\t<meta name=\"twitter:label2\" content=\"Gesch\u00e4tzte Lesezeit\" \/>\n\t<meta name=\"twitter:data2\" content=\"1\u00a0Minute\" \/>\n<script type=\"application\/ld+json\" class=\"yoast-schema-graph\">{\"@context\":\"https:\\\/\\\/schema.org\",\"@graph\":[{\"@type\":\"Article\",\"@id\":\"https:\\\/\\\/espaidiomes.cat\\\/llumineta-2025#article\",\"isPartOf\":{\"@id\":\"https:\\\/\\\/espaidiomes.cat\\\/llumineta-2025\"},\"author\":{\"name\":\"EspaiIdiomes\",\"@id\":\"https:\\\/\\\/espaidiomes.cat\\\/#\\\/schema\\\/person\\\/a046975fcdeebc62b5a06041abf7963a\"},\"headline\":\"Llumineta 2025\",\"datePublished\":\"2025-12-02T10:37:40+00:00\",\"dateModified\":\"2025-12-02T10:37:42+00:00\",\"mainEntityOfPage\":{\"@id\":\"https:\\\/\\\/espaidiomes.cat\\\/llumineta-2025\"},\"wordCount\":49,\"commentCount\":0,\"publisher\":{\"@id\":\"https:\\\/\\\/espaidiomes.cat\\\/#organization\"},\"image\":{\"@id\":\"https:\\\/\\\/espaidiomes.cat\\\/llumineta-2025#primaryimage\"},\"thumbnailUrl\":\"https:\\\/\\\/espaidiomes.cat\\\/wp-content\\\/uploads\\\/2025\\\/12\\\/Post-de-Instagram-Temporada-Navidena-Moderno-Verde-1.png\",\"articleSection\":[\"News\"],\"inLanguage\":\"de\"},{\"@type\":\"WebPage\",\"@id\":\"https:\\\/\\\/espaidiomes.cat\\\/llumineta-2025\",\"url\":\"https:\\\/\\\/espaidiomes.cat\\\/llumineta-2025\",\"name\":\"Llumineta 2025 - Espai Idiomes\",\"isPartOf\":{\"@id\":\"https:\\\/\\\/espaidiomes.cat\\\/#website\"},\"primaryImageOfPage\":{\"@id\":\"https:\\\/\\\/espaidiomes.cat\\\/llumineta-2025#primaryimage\"},\"image\":{\"@id\":\"https:\\\/\\\/espaidiomes.cat\\\/llumineta-2025#primaryimage\"},\"thumbnailUrl\":\"https:\\\/\\\/espaidiomes.cat\\\/wp-content\\\/uploads\\\/2025\\\/12\\\/Post-de-Instagram-Temporada-Navidena-Moderno-Verde-1.png\",\"datePublished\":\"2025-12-02T10:37:40+00:00\",\"dateModified\":\"2025-12-02T10:37:42+00:00\",\"breadcrumb\":{\"@id\":\"https:\\\/\\\/espaidiomes.cat\\\/llumineta-2025#breadcrumb\"},\"inLanguage\":\"de\",\"potentialAction\":[{\"@type\":\"ReadAction\",\"target\":[\"https:\\\/\\\/espaidiomes.cat\\\/llumineta-2025\"]}]},{\"@type\":\"ImageObject\",\"inLanguage\":\"de\",\"@id\":\"https:\\\/\\\/espaidiomes.cat\\\/llumineta-2025#primaryimage\",\"url\":\"https:\\\/\\\/espaidiomes.cat\\\/wp-content\\\/uploads\\\/2025\\\/12\\\/Post-de-Instagram-Temporada-Navidena-Moderno-Verde-1.png\",\"contentUrl\":\"https:\\\/\\\/espaidiomes.cat\\\/wp-content\\\/uploads\\\/2025\\\/12\\\/Post-de-Instagram-Temporada-Navidena-Moderno-Verde-1.png\",\"width\":1080,\"height\":1350},{\"@type\":\"BreadcrumbList\",\"@id\":\"https:\\\/\\\/espaidiomes.cat\\\/llumineta-2025#breadcrumb\",\"itemListElement\":[{\"@type\":\"ListItem\",\"position\":1,\"name\":\"Portada\",\"item\":\"https:\\\/\\\/espaidiomes.cat\\\/\"},{\"@type\":\"ListItem\",\"position\":2,\"name\":\"Llumineta 2025\"}]},{\"@type\":\"WebSite\",\"@id\":\"https:\\\/\\\/espaidiomes.cat\\\/#website\",\"url\":\"https:\\\/\\\/espaidiomes.cat\\\/\",\"name\":\"Espai idiomes\",\"description\":\"Academia de refer\u00e8ncia per l\u2019aprenentatge i perfeccionament d\u2019idiomes\",\"publisher\":{\"@id\":\"https:\\\/\\\/espaidiomes.cat\\\/#organization\"},\"potentialAction\":[{\"@type\":\"SearchAction\",\"target\":{\"@type\":\"EntryPoint\",\"urlTemplate\":\"https:\\\/\\\/espaidiomes.cat\\\/?s={search_term_string}\"},\"query-input\":{\"@type\":\"PropertyValueSpecification\",\"valueRequired\":true,\"valueName\":\"search_term_string\"}}],\"inLanguage\":\"de\"},{\"@type\":\"Organization\",\"@id\":\"https:\\\/\\\/espaidiomes.cat\\\/#organization\",\"name\":\"Espai idiomes\",\"url\":\"https:\\\/\\\/espaidiomes.cat\\\/\",\"logo\":{\"@type\":\"ImageObject\",\"inLanguage\":\"de\",\"@id\":\"https:\\\/\\\/espaidiomes.cat\\\/#\\\/schema\\\/logo\\\/image\\\/\",\"url\":\"https:\\\/\\\/espaidiomes.cat\\\/wp-content\\\/uploads\\\/2024\\\/04\\\/language_schoollogo.png\",\"contentUrl\":\"https:\\\/\\\/espaidiomes.cat\\\/wp-content\\\/uploads\\\/2024\\\/04\\\/language_schoollogo.png\",\"width\":4320,\"height\":2430,\"caption\":\"Espai idiomes\"},\"image\":{\"@id\":\"https:\\\/\\\/espaidiomes.cat\\\/#\\\/schema\\\/logo\\\/image\\\/\"}},{\"@type\":\"Person\",\"@id\":\"https:\\\/\\\/espaidiomes.cat\\\/#\\\/schema\\\/person\\\/a046975fcdeebc62b5a06041abf7963a\",\"name\":\"EspaiIdiomes\",\"image\":{\"@type\":\"ImageObject\",\"inLanguage\":\"de\",\"@id\":\"https:\\\/\\\/secure.gravatar.com\\\/avatar\\\/e2e106ad3dc37111af63516ab1814a64ede38ea35bfef3740ec6109352295ce7?s=96&d=mm&r=g\",\"url\":\"https:\\\/\\\/secure.gravatar.com\\\/avatar\\\/e2e106ad3dc37111af63516ab1814a64ede38ea35bfef3740ec6109352295ce7?s=96&d=mm&r=g\",\"contentUrl\":\"https:\\\/\\\/secure.gravatar.com\\\/avatar\\\/e2e106ad3dc37111af63516ab1814a64ede38ea35bfef3740ec6109352295ce7?s=96&d=mm&r=g\",\"caption\":\"EspaiIdiomes\"},\"url\":\"https:\\\/\\\/espaidiomes.cat\\\/de\\\/author\\\/espaiidiomes\"}]}<\/script>\n<!-- \/ Yoast SEO plugin. -->","yoast_head_json":{"title":"Llumineta 2025 - Espai Idiomes","robots":{"index":"index","follow":"follow","max-snippet":"max-snippet:-1","max-image-preview":"max-image-preview:large","max-video-preview":"max-video-preview:-1"},"canonical":"https:\/\/espaidiomes.cat\/de\/llumineta-2025\/","og_locale":"de_DE","og_type":"article","og_title":"Llumineta 2025 - Espai Idiomes","og_description":"La Llumineta ja ha arribat a Espai Idiomes i ho fa amb el sorteig d&#8217;una panera! Recordeu que podeu passar per l&#8217;acad\u00e8mia del carrer Sant Pere a agafar el vostre n\u00famero (el preu \u00e9s de 2 euros). Farem el sorteig el 19 de desembre.Good luck!","og_url":"https:\/\/espaidiomes.cat\/de\/llumineta-2025\/","og_site_name":"Espai Idiomes","article_published_time":"2025-12-02T10:37:40+00:00","article_modified_time":"2025-12-02T10:37:42+00:00","og_image":[{"width":1080,"height":1350,"url":"https:\/\/espaidiomes.cat\/wp-content\/uploads\/2025\/12\/Post-de-Instagram-Temporada-Navidena-Moderno-Verde-1.png","type":"image\/png"}],"author":"EspaiIdiomes","twitter_card":"summary_large_image","twitter_misc":{"Verfasst von":"EspaiIdiomes","Gesch\u00e4tzte Lesezeit":"1\u00a0Minute"},"schema":{"@context":"https:\/\/schema.org","@graph":[{"@type":"Article","@id":"https:\/\/espaidiomes.cat\/llumineta-2025#article","isPartOf":{"@id":"https:\/\/espaidiomes.cat\/llumineta-2025"},"author":{"name":"EspaiIdiomes","@id":"https:\/\/espaidiomes.cat\/#\/schema\/person\/a046975fcdeebc62b5a06041abf7963a"},"headline":"Llumineta 2025","datePublished":"2025-12-02T10:37:40+00:00","dateModified":"2025-12-02T10:37:42+00:00","mainEntityOfPage":{"@id":"https:\/\/espaidiomes.cat\/llumineta-2025"},"wordCount":49,"commentCount":0,"publisher":{"@id":"https:\/\/espaidiomes.cat\/#organization"},"image":{"@id":"https:\/\/espaidiomes.cat\/llumineta-2025#primaryimage"},"thumbnailUrl":"https:\/\/espaidiomes.cat\/wp-content\/uploads\/2025\/12\/Post-de-Instagram-Temporada-Navidena-Moderno-Verde-1.png","articleSection":["News"],"inLanguage":"de"},{"@type":"WebPage","@id":"https:\/\/espaidiomes.cat\/llumineta-2025","url":"https:\/\/espaidiomes.cat\/llumineta-2025","name":"Llumineta 2025 - Espai Idiomes","isPartOf":{"@id":"https:\/\/espaidiomes.cat\/#website"},"primaryImageOfPage":{"@id":"https:\/\/espaidiomes.cat\/llumineta-2025#primaryimage"},"image":{"@id":"https:\/\/espaidiomes.cat\/llumineta-2025#primaryimage"},"thumbnailUrl":"https:\/\/espaidiomes.cat\/wp-content\/uploads\/2025\/12\/Post-de-Instagram-Temporada-Navidena-Moderno-Verde-1.png","datePublished":"2025-12-02T10:37:40+00:00","dateModified":"2025-12-02T10:37:42+00:00","breadcrumb":{"@id":"https:\/\/espaidiomes.cat\/llumineta-2025#breadcrumb"},"inLanguage":"de","potentialAction":[{"@type":"ReadAction","target":["https:\/\/espaidiomes.cat\/llumineta-2025"]}]},{"@type":"ImageObject","inLanguage":"de","@id":"https:\/\/espaidiomes.cat\/llumineta-2025#primaryimage","url":"https:\/\/espaidiomes.cat\/wp-content\/uploads\/2025\/12\/Post-de-Instagram-Temporada-Navidena-Moderno-Verde-1.png","contentUrl":"https:\/\/espaidiomes.cat\/wp-content\/uploads\/2025\/12\/Post-de-Instagram-Temporada-Navidena-Moderno-Verde-1.png","width":1080,"height":1350},{"@type":"BreadcrumbList","@id":"https:\/\/espaidiomes.cat\/llumineta-2025#breadcrumb","itemListElement":[{"@type":"ListItem","position":1,"name":"Portada","item":"https:\/\/espaidiomes.cat\/"},{"@type":"ListItem","position":2,"name":"Llumineta 2025"}]},{"@type":"WebSite","@id":"https:\/\/espaidiomes.cat\/#website","url":"https:\/\/espaidiomes.cat\/","name":"Sprachraum","description":"Referenzakademie f\u00fcr das Erlernen und Verbessern von Sprachen","publisher":{"@id":"https:\/\/espaidiomes.cat\/#organization"},"potentialAction":[{"@type":"SearchAction","target":{"@type":"EntryPoint","urlTemplate":"https:\/\/espaidiomes.cat\/?s={search_term_string}"},"query-input":{"@type":"PropertyValueSpecification","valueRequired":true,"valueName":"search_term_string"}}],"inLanguage":"de"},{"@type":"Organization","@id":"https:\/\/espaidiomes.cat\/#organization","name":"Sprachraum","url":"https:\/\/espaidiomes.cat\/","logo":{"@type":"ImageObject","inLanguage":"de","@id":"https:\/\/espaidiomes.cat\/#\/schema\/logo\/image\/","url":"https:\/\/espaidiomes.cat\/wp-content\/uploads\/2024\/04\/language_schoollogo.png","contentUrl":"https:\/\/espaidiomes.cat\/wp-content\/uploads\/2024\/04\/language_schoollogo.png","width":4320,"height":2430,"caption":"Espai idiomes"},"image":{"@id":"https:\/\/espaidiomes.cat\/#\/schema\/logo\/image\/"}},{"@type":"Person","@id":"https:\/\/espaidiomes.cat\/#\/schema\/person\/a046975fcdeebc62b5a06041abf7963a","name":"Sprachraum","image":{"@type":"ImageObject","inLanguage":"de","@id":"https:\/\/secure.gravatar.com\/avatar\/e2e106ad3dc37111af63516ab1814a64ede38ea35bfef3740ec6109352295ce7?s=96&d=mm&r=g","url":"https:\/\/secure.gravatar.com\/avatar\/e2e106ad3dc37111af63516ab1814a64ede38ea35bfef3740ec6109352295ce7?s=96&d=mm&r=g","contentUrl":"https:\/\/secure.gravatar.com\/avatar\/e2e106ad3dc37111af63516ab1814a64ede38ea35bfef3740ec6109352295ce7?s=96&d=mm&r=g","caption":"EspaiIdiomes"},"url":"https:\/\/espaidiomes.cat\/de\/author\/espaiidiomes"}]}},"_links":{"self":[{"href":"https:\/\/espaidiomes.cat\/de\/wp-json\/wp\/v2\/posts\/3915","targetHints":{"allow":["GET"]}}],"collection":[{"href":"https:\/\/espaidiomes.cat\/de\/wp-json\/wp\/v2\/posts"}],"about":[{"href":"https:\/\/espaidiomes.cat\/de\/wp-json\/wp\/v2\/types\/post"}],"author":[{"embeddable":true,"href":"https:\/\/espaidiomes.cat\/de\/wp-json\/wp\/v2\/users\/2"}],"replies":[{"embeddable":true,"href":"https:\/\/espaidiomes.cat\/de\/wp-json\/wp\/v2\/comments?post=3915"}],"version-history":[{"count":1,"href":"https:\/\/espaidiomes.cat\/de\/wp-json\/wp\/v2\/posts\/3915\/revisions"}],"predecessor-version":[{"id":3918,"href":"https:\/\/espaidiomes.cat\/de\/wp-json\/wp\/v2\/posts\/3915\/revisions\/3918"}],"wp:featuredmedia":[{"embeddable":true,"href":"https:\/\/espaidiomes.cat\/de\/wp-json\/wp\/v2\/media\/3916"}],"wp:attachment":[{"href":"https:\/\/espaidiomes.cat\/de\/wp-json\/wp\/v2\/media?parent=3915"}],"wp:term":[{"taxonomy":"category","embeddable":true,"href":"https:\/\/espaidiomes.cat\/de\/wp-json\/wp\/v2\/categories?post=3915"},{"taxonomy":"post_tag","embeddable":true,"href":"https:\/\/espaidiomes.cat\/de\/wp-json\/wp\/v2\/tags?post=3915"}],"curies":[{"name":"wp","href":"https:\/\/api.w.org\/{rel}","templated":true}]}}