{"id":3488,"date":"2025-03-31T17:15:42","date_gmt":"2025-03-31T15:15:42","guid":{"rendered":"https:\/\/espaidiomes.cat\/?p=3488"},"modified":"2025-03-31T17:16:02","modified_gmt":"2025-03-31T15:16:02","slug":"estades-destiu-a-irlanda-reunio-informativa","status":"publish","type":"post","link":"https:\/\/espaidiomes.cat\/es\/estades-destiu-a-irlanda-reunio-informativa","title":{"rendered":"Estancias de Verano en Irlanda"},"content":{"rendered":"<p>Thomas Frahm, director de Aston Languages y amigo de Espai Idiomes desde hace muchos a\u00f1os, se acerc\u00f3 a la academia para informarnos de las estancias en verano en Irlanda y otros programas. Fue una reuni\u00f3n muy acogedora y las madres de nuestras alumnas salieron muy contentas. Si no pudiste venir a la reuni\u00f3n y tambi\u00e9n est\u00e1 interesado, \u00a1recuerde que todav\u00eda puede contactarnos!<\/p>","protected":false},"excerpt":{"rendered":"<p>En Thomas Frahm, director d&#8217;Aston Languages i amic d&#8217;Espai Idiomes des de fa molts anys, es va apropar a l&#8217;acad\u00e8mia per a informar-nos de les estades a l&#8217;estiu a Irlanda i altres programes. Va ser una reuni\u00f3 molt acollidora i les mares de les nostres alumnes van sortir molt contentes. Si no vau poder venir [&hellip;]<\/p>\n","protected":false},"author":1,"featured_media":3489,"comment_status":"open","ping_status":"open","sticky":false,"template":"","format":"standard","meta":{"footnotes":""},"categories":[11],"tags":[],"class_list":["post-3488","post","type-post","status-publish","format-standard","has-post-thumbnail","hentry","category-news"],"yoast_head":"<!-- This site is optimized with the Yoast SEO plugin v27.4 - https:\/\/yoast.com\/product\/yoast-seo-wordpress\/ -->\n<title>Estades d&#039;Estiu a Irlanda - Espai Idiomes<\/title>\n<meta name=\"robots\" content=\"index, follow, max-snippet:-1, max-image-preview:large, max-video-preview:-1\" \/>\n<link rel=\"canonical\" href=\"https:\/\/espaidiomes.cat\/es\/estades-destiu-a-irlanda-reunio-informativa\/\" \/>\n<meta property=\"og:locale\" content=\"es_ES\" \/>\n<meta property=\"og:type\" content=\"article\" \/>\n<meta property=\"og:title\" content=\"Estades d&#039;Estiu a Irlanda - Espai Idiomes\" \/>\n<meta property=\"og:description\" content=\"En Thomas Frahm, director d&#8217;Aston Languages i amic d&#8217;Espai Idiomes des de fa molts anys, es va apropar a l&#8217;acad\u00e8mia per a informar-nos de les estades a l&#8217;estiu a Irlanda i altres programes. Va ser una reuni\u00f3 molt acollidora i les mares de les nostres alumnes van sortir molt contentes. Si no vau poder venir [&hellip;]\" \/>\n<meta property=\"og:url\" content=\"https:\/\/espaidiomes.cat\/es\/estades-destiu-a-irlanda-reunio-informativa\/\" \/>\n<meta property=\"og:site_name\" content=\"Espai Idiomes\" \/>\n<meta property=\"article:published_time\" content=\"2025-03-31T15:15:42+00:00\" \/>\n<meta property=\"article:modified_time\" content=\"2025-03-31T15:16:02+00:00\" \/>\n<meta property=\"og:image\" content=\"https:\/\/espaidiomes.cat\/wp-content\/uploads\/2025\/03\/Irlanda-2025.jpg\" \/>\n\t<meta property=\"og:image:width\" content=\"944\" \/>\n\t<meta property=\"og:image:height\" content=\"708\" \/>\n\t<meta property=\"og:image:type\" content=\"image\/jpeg\" \/>\n<meta name=\"author\" content=\"Espaii_AdminOv\" \/>\n<meta name=\"twitter:card\" content=\"summary_large_image\" \/>\n<meta name=\"twitter:label1\" content=\"Escrito por\" \/>\n\t<meta name=\"twitter:data1\" content=\"Espaii_AdminOv\" \/>\n\t<meta name=\"twitter:label2\" content=\"Tiempo de lectura\" \/>\n\t<meta name=\"twitter:data2\" content=\"1 minuto\" \/>\n<script type=\"application\/ld+json\" class=\"yoast-schema-graph\">{\"@context\":\"https:\\\/\\\/schema.org\",\"@graph\":[{\"@type\":\"Article\",\"@id\":\"https:\\\/\\\/espaidiomes.cat\\\/estades-destiu-a-irlanda-reunio-informativa#article\",\"isPartOf\":{\"@id\":\"https:\\\/\\\/espaidiomes.cat\\\/estades-destiu-a-irlanda-reunio-informativa\"},\"author\":{\"name\":\"Espaii_AdminOv\",\"@id\":\"https:\\\/\\\/espaidiomes.cat\\\/#\\\/schema\\\/person\\\/4c72d2083e27b730eee2c40d358e62cf\"},\"headline\":\"Estades d&#8217;Estiu a Irlanda\",\"datePublished\":\"2025-03-31T15:15:42+00:00\",\"dateModified\":\"2025-03-31T15:16:02+00:00\",\"mainEntityOfPage\":{\"@id\":\"https:\\\/\\\/espaidiomes.cat\\\/estades-destiu-a-irlanda-reunio-informativa\"},\"wordCount\":77,\"commentCount\":0,\"publisher\":{\"@id\":\"https:\\\/\\\/espaidiomes.cat\\\/#organization\"},\"image\":{\"@id\":\"https:\\\/\\\/espaidiomes.cat\\\/estades-destiu-a-irlanda-reunio-informativa#primaryimage\"},\"thumbnailUrl\":\"https:\\\/\\\/espaidiomes.cat\\\/wp-content\\\/uploads\\\/2025\\\/03\\\/Irlanda-2025.jpg\",\"articleSection\":[\"News\"],\"inLanguage\":\"es\"},{\"@type\":\"WebPage\",\"@id\":\"https:\\\/\\\/espaidiomes.cat\\\/estades-destiu-a-irlanda-reunio-informativa\",\"url\":\"https:\\\/\\\/espaidiomes.cat\\\/estades-destiu-a-irlanda-reunio-informativa\",\"name\":\"Estades d'Estiu a Irlanda - Espai Idiomes\",\"isPartOf\":{\"@id\":\"https:\\\/\\\/espaidiomes.cat\\\/#website\"},\"primaryImageOfPage\":{\"@id\":\"https:\\\/\\\/espaidiomes.cat\\\/estades-destiu-a-irlanda-reunio-informativa#primaryimage\"},\"image\":{\"@id\":\"https:\\\/\\\/espaidiomes.cat\\\/estades-destiu-a-irlanda-reunio-informativa#primaryimage\"},\"thumbnailUrl\":\"https:\\\/\\\/espaidiomes.cat\\\/wp-content\\\/uploads\\\/2025\\\/03\\\/Irlanda-2025.jpg\",\"datePublished\":\"2025-03-31T15:15:42+00:00\",\"dateModified\":\"2025-03-31T15:16:02+00:00\",\"breadcrumb\":{\"@id\":\"https:\\\/\\\/espaidiomes.cat\\\/estades-destiu-a-irlanda-reunio-informativa#breadcrumb\"},\"inLanguage\":\"es\",\"potentialAction\":[{\"@type\":\"ReadAction\",\"target\":[\"https:\\\/\\\/espaidiomes.cat\\\/estades-destiu-a-irlanda-reunio-informativa\"]}]},{\"@type\":\"ImageObject\",\"inLanguage\":\"es\",\"@id\":\"https:\\\/\\\/espaidiomes.cat\\\/estades-destiu-a-irlanda-reunio-informativa#primaryimage\",\"url\":\"https:\\\/\\\/espaidiomes.cat\\\/wp-content\\\/uploads\\\/2025\\\/03\\\/Irlanda-2025.jpg\",\"contentUrl\":\"https:\\\/\\\/espaidiomes.cat\\\/wp-content\\\/uploads\\\/2025\\\/03\\\/Irlanda-2025.jpg\",\"width\":944,\"height\":708},{\"@type\":\"BreadcrumbList\",\"@id\":\"https:\\\/\\\/espaidiomes.cat\\\/estades-destiu-a-irlanda-reunio-informativa#breadcrumb\",\"itemListElement\":[{\"@type\":\"ListItem\",\"position\":1,\"name\":\"Portada\",\"item\":\"https:\\\/\\\/espaidiomes.cat\\\/\"},{\"@type\":\"ListItem\",\"position\":2,\"name\":\"Estades d&#8217;Estiu a Irlanda\"}]},{\"@type\":\"WebSite\",\"@id\":\"https:\\\/\\\/espaidiomes.cat\\\/#website\",\"url\":\"https:\\\/\\\/espaidiomes.cat\\\/\",\"name\":\"Espai idiomes\",\"description\":\"Academia de refer\u00e8ncia per l\u2019aprenentatge i perfeccionament d\u2019idiomes\",\"publisher\":{\"@id\":\"https:\\\/\\\/espaidiomes.cat\\\/#organization\"},\"potentialAction\":[{\"@type\":\"SearchAction\",\"target\":{\"@type\":\"EntryPoint\",\"urlTemplate\":\"https:\\\/\\\/espaidiomes.cat\\\/?s={search_term_string}\"},\"query-input\":{\"@type\":\"PropertyValueSpecification\",\"valueRequired\":true,\"valueName\":\"search_term_string\"}}],\"inLanguage\":\"es\"},{\"@type\":\"Organization\",\"@id\":\"https:\\\/\\\/espaidiomes.cat\\\/#organization\",\"name\":\"Espai idiomes\",\"url\":\"https:\\\/\\\/espaidiomes.cat\\\/\",\"logo\":{\"@type\":\"ImageObject\",\"inLanguage\":\"es\",\"@id\":\"https:\\\/\\\/espaidiomes.cat\\\/#\\\/schema\\\/logo\\\/image\\\/\",\"url\":\"https:\\\/\\\/espaidiomes.cat\\\/wp-content\\\/uploads\\\/2024\\\/04\\\/language_schoollogo.png\",\"contentUrl\":\"https:\\\/\\\/espaidiomes.cat\\\/wp-content\\\/uploads\\\/2024\\\/04\\\/language_schoollogo.png\",\"width\":4320,\"height\":2430,\"caption\":\"Espai idiomes\"},\"image\":{\"@id\":\"https:\\\/\\\/espaidiomes.cat\\\/#\\\/schema\\\/logo\\\/image\\\/\"}},{\"@type\":\"Person\",\"@id\":\"https:\\\/\\\/espaidiomes.cat\\\/#\\\/schema\\\/person\\\/4c72d2083e27b730eee2c40d358e62cf\",\"name\":\"Espaii_AdminOv\",\"image\":{\"@type\":\"ImageObject\",\"inLanguage\":\"es\",\"@id\":\"https:\\\/\\\/secure.gravatar.com\\\/avatar\\\/ab10b60551e807f6b37d54bb09e40bc41b08e3828d46504634ad6f35da1b46dc?s=96&d=mm&r=g\",\"url\":\"https:\\\/\\\/secure.gravatar.com\\\/avatar\\\/ab10b60551e807f6b37d54bb09e40bc41b08e3828d46504634ad6f35da1b46dc?s=96&d=mm&r=g\",\"contentUrl\":\"https:\\\/\\\/secure.gravatar.com\\\/avatar\\\/ab10b60551e807f6b37d54bb09e40bc41b08e3828d46504634ad6f35da1b46dc?s=96&d=mm&r=g\",\"caption\":\"Espaii_AdminOv\"},\"sameAs\":[\"https:\\\/\\\/espaidiomes.cat\"],\"url\":\"https:\\\/\\\/espaidiomes.cat\\\/es\\\/author\\\/espaii_adminov\"}]}<\/script>\n<!-- \/ Yoast SEO plugin. -->","yoast_head_json":{"title":"Estades d'Estiu a Irlanda - Espai Idiomes","robots":{"index":"index","follow":"follow","max-snippet":"max-snippet:-1","max-image-preview":"max-image-preview:large","max-video-preview":"max-video-preview:-1"},"canonical":"https:\/\/espaidiomes.cat\/es\/estades-destiu-a-irlanda-reunio-informativa\/","og_locale":"es_ES","og_type":"article","og_title":"Estades d'Estiu a Irlanda - Espai Idiomes","og_description":"En Thomas Frahm, director d&#8217;Aston Languages i amic d&#8217;Espai Idiomes des de fa molts anys, es va apropar a l&#8217;acad\u00e8mia per a informar-nos de les estades a l&#8217;estiu a Irlanda i altres programes. Va ser una reuni\u00f3 molt acollidora i les mares de les nostres alumnes van sortir molt contentes. Si no vau poder venir [&hellip;]","og_url":"https:\/\/espaidiomes.cat\/es\/estades-destiu-a-irlanda-reunio-informativa\/","og_site_name":"Espai Idiomes","article_published_time":"2025-03-31T15:15:42+00:00","article_modified_time":"2025-03-31T15:16:02+00:00","og_image":[{"width":944,"height":708,"url":"https:\/\/espaidiomes.cat\/wp-content\/uploads\/2025\/03\/Irlanda-2025.jpg","type":"image\/jpeg"}],"author":"Espaii_AdminOv","twitter_card":"summary_large_image","twitter_misc":{"Escrito por":"Espaii_AdminOv","Tiempo de lectura":"1 minuto"},"schema":{"@context":"https:\/\/schema.org","@graph":[{"@type":"Article","@id":"https:\/\/espaidiomes.cat\/estades-destiu-a-irlanda-reunio-informativa#article","isPartOf":{"@id":"https:\/\/espaidiomes.cat\/estades-destiu-a-irlanda-reunio-informativa"},"author":{"name":"Espaii_AdminOv","@id":"https:\/\/espaidiomes.cat\/#\/schema\/person\/4c72d2083e27b730eee2c40d358e62cf"},"headline":"Estades d&#8217;Estiu a Irlanda","datePublished":"2025-03-31T15:15:42+00:00","dateModified":"2025-03-31T15:16:02+00:00","mainEntityOfPage":{"@id":"https:\/\/espaidiomes.cat\/estades-destiu-a-irlanda-reunio-informativa"},"wordCount":77,"commentCount":0,"publisher":{"@id":"https:\/\/espaidiomes.cat\/#organization"},"image":{"@id":"https:\/\/espaidiomes.cat\/estades-destiu-a-irlanda-reunio-informativa#primaryimage"},"thumbnailUrl":"https:\/\/espaidiomes.cat\/wp-content\/uploads\/2025\/03\/Irlanda-2025.jpg","articleSection":["News"],"inLanguage":"es"},{"@type":"WebPage","@id":"https:\/\/espaidiomes.cat\/estades-destiu-a-irlanda-reunio-informativa","url":"https:\/\/espaidiomes.cat\/estades-destiu-a-irlanda-reunio-informativa","name":"Estades d'Estiu a Irlanda - Espai Idiomes","isPartOf":{"@id":"https:\/\/espaidiomes.cat\/#website"},"primaryImageOfPage":{"@id":"https:\/\/espaidiomes.cat\/estades-destiu-a-irlanda-reunio-informativa#primaryimage"},"image":{"@id":"https:\/\/espaidiomes.cat\/estades-destiu-a-irlanda-reunio-informativa#primaryimage"},"thumbnailUrl":"https:\/\/espaidiomes.cat\/wp-content\/uploads\/2025\/03\/Irlanda-2025.jpg","datePublished":"2025-03-31T15:15:42+00:00","dateModified":"2025-03-31T15:16:02+00:00","breadcrumb":{"@id":"https:\/\/espaidiomes.cat\/estades-destiu-a-irlanda-reunio-informativa#breadcrumb"},"inLanguage":"es","potentialAction":[{"@type":"ReadAction","target":["https:\/\/espaidiomes.cat\/estades-destiu-a-irlanda-reunio-informativa"]}]},{"@type":"ImageObject","inLanguage":"es","@id":"https:\/\/espaidiomes.cat\/estades-destiu-a-irlanda-reunio-informativa#primaryimage","url":"https:\/\/espaidiomes.cat\/wp-content\/uploads\/2025\/03\/Irlanda-2025.jpg","contentUrl":"https:\/\/espaidiomes.cat\/wp-content\/uploads\/2025\/03\/Irlanda-2025.jpg","width":944,"height":708},{"@type":"BreadcrumbList","@id":"https:\/\/espaidiomes.cat\/estades-destiu-a-irlanda-reunio-informativa#breadcrumb","itemListElement":[{"@type":"ListItem","position":1,"name":"Portada","item":"https:\/\/espaidiomes.cat\/"},{"@type":"ListItem","position":2,"name":"Estades d&#8217;Estiu a Irlanda"}]},{"@type":"WebSite","@id":"https:\/\/espaidiomes.cat\/#website","url":"https:\/\/espaidiomes.cat\/","name":"Espacio idiomas","description":"Academia de referencia por el aprendizaje y perfeccionamiento de idiomas","publisher":{"@id":"https:\/\/espaidiomes.cat\/#organization"},"potentialAction":[{"@type":"SearchAction","target":{"@type":"EntryPoint","urlTemplate":"https:\/\/espaidiomes.cat\/?s={search_term_string}"},"query-input":{"@type":"PropertyValueSpecification","valueRequired":true,"valueName":"search_term_string"}}],"inLanguage":"es"},{"@type":"Organization","@id":"https:\/\/espaidiomes.cat\/#organization","name":"Espacio idiomas","url":"https:\/\/espaidiomes.cat\/","logo":{"@type":"ImageObject","inLanguage":"es","@id":"https:\/\/espaidiomes.cat\/#\/schema\/logo\/image\/","url":"https:\/\/espaidiomes.cat\/wp-content\/uploads\/2024\/04\/language_schoollogo.png","contentUrl":"https:\/\/espaidiomes.cat\/wp-content\/uploads\/2024\/04\/language_schoollogo.png","width":4320,"height":2430,"caption":"Espai idiomes"},"image":{"@id":"https:\/\/espaidiomes.cat\/#\/schema\/logo\/image\/"}},{"@type":"Person","@id":"https:\/\/espaidiomes.cat\/#\/schema\/person\/4c72d2083e27b730eee2c40d358e62cf","name":"Espacio_AdminOv","image":{"@type":"ImageObject","inLanguage":"es","@id":"https:\/\/secure.gravatar.com\/avatar\/ab10b60551e807f6b37d54bb09e40bc41b08e3828d46504634ad6f35da1b46dc?s=96&d=mm&r=g","url":"https:\/\/secure.gravatar.com\/avatar\/ab10b60551e807f6b37d54bb09e40bc41b08e3828d46504634ad6f35da1b46dc?s=96&d=mm&r=g","contentUrl":"https:\/\/secure.gravatar.com\/avatar\/ab10b60551e807f6b37d54bb09e40bc41b08e3828d46504634ad6f35da1b46dc?s=96&d=mm&r=g","caption":"Espaii_AdminOv"},"sameAs":["https:\/\/espaidiomes.cat"],"url":"https:\/\/espaidiomes.cat\/es\/author\/espaii_adminov"}]}},"_links":{"self":[{"href":"https:\/\/espaidiomes.cat\/es\/wp-json\/wp\/v2\/posts\/3488","targetHints":{"allow":["GET"]}}],"collection":[{"href":"https:\/\/espaidiomes.cat\/es\/wp-json\/wp\/v2\/posts"}],"about":[{"href":"https:\/\/espaidiomes.cat\/es\/wp-json\/wp\/v2\/types\/post"}],"author":[{"embeddable":true,"href":"https:\/\/espaidiomes.cat\/es\/wp-json\/wp\/v2\/users\/1"}],"replies":[{"embeddable":true,"href":"https:\/\/espaidiomes.cat\/es\/wp-json\/wp\/v2\/comments?post=3488"}],"version-history":[{"count":2,"href":"https:\/\/espaidiomes.cat\/es\/wp-json\/wp\/v2\/posts\/3488\/revisions"}],"predecessor-version":[{"id":3491,"href":"https:\/\/espaidiomes.cat\/es\/wp-json\/wp\/v2\/posts\/3488\/revisions\/3491"}],"wp:featuredmedia":[{"embeddable":true,"href":"https:\/\/espaidiomes.cat\/es\/wp-json\/wp\/v2\/media\/3489"}],"wp:attachment":[{"href":"https:\/\/espaidiomes.cat\/es\/wp-json\/wp\/v2\/media?parent=3488"}],"wp:term":[{"taxonomy":"category","embeddable":true,"href":"https:\/\/espaidiomes.cat\/es\/wp-json\/wp\/v2\/categories?post=3488"},{"taxonomy":"post_tag","embeddable":true,"href":"https:\/\/espaidiomes.cat\/es\/wp-json\/wp\/v2\/tags?post=3488"}],"curies":[{"name":"wp","href":"https:\/\/api.w.org\/{rel}","templated":true}]}}